{"id":532,"date":"2017-11-15T20:13:38","date_gmt":"2017-11-15T19:13:38","guid":{"rendered":"http:\/\/www.compagniadellostilepisano.it\/?p=532"},"modified":"2017-12-05T15:52:18","modified_gmt":"2017-12-05T14:52:18","slug":"historie-pisane","status":"publish","type":"post","link":"https:\/\/www.compagniadellostilepisano.it\/?p=532","title":{"rendered":"Historie Pisane"},"content":{"rendered":"<div><img loading=\"lazy\" decoding=\"async\" class=\"wp-image-533 alignleft\" src=\"https:\/\/www.compagniadellostilepisano.it\/wp-content\/uploads\/2017\/11\/23622441_1571995589520691_1868413212176738641_n.jpg\" alt=\"\" width=\"349\" height=\"485\" srcset=\"https:\/\/www.compagniadellostilepisano.it\/wp-content\/uploads\/2017\/11\/23622441_1571995589520691_1868413212176738641_n.jpg 690w, https:\/\/www.compagniadellostilepisano.it\/wp-content\/uploads\/2017\/11\/23622441_1571995589520691_1868413212176738641_n-216x300.jpg 216w\" sizes=\"auto, (max-width: 349px) 100vw, 349px\" \/><\/div>\n<div><\/div>\n<div class=\"pre\">EVENTO APERTO AI SOCI<br \/>\n(\u00e8 possibile tesserarsi prima dell&#8217;evento)<\/div>\n<div><\/div>\n<div><\/div>\n<div class=\"pre\"><strong>Lo studioso e ricercatore MASSIMILIANO GRAVA presenter\u00e0 il suo nuovo libro\u00a0<\/strong><br \/>\n<strong>CRONICHE DI PISA<\/strong><br \/>\n<strong>raccolta di scritti di Jacopo Arrosti<\/strong><\/div>\n<div class=\"pre\"><strong>presso il Palazzo del Consiglio dei Dodici in Piazza dei Cavalieri<\/strong><\/div>\n<div><\/div>\n<div class=\"pre\">\n&#8220;Le Croniche narrano la storia di Pisa dalle origini al 1655, ma con alcune significative lacune. Intanto manca completamente il periodo che intercorre tra il 1428 \u2013 con l\u2019introduzione del catasto fiorentino<br \/>\ne la ribellione di Volterra \u2013 e il 1494, con la discesa di Carlo VIII.<br \/>\nLa cosa \u00e8 comprensibile: Arrosti, per la sua narrazione \u2013 come sottolinea ampiamente Massimiliano Grava \u2013 si attiene strettamente alle cronache medievali e questi settanta anni del primo dominio fiorentino non sono stati oggetto dei cronachisti pisani e sono passati sotto silenzio, altro elemento meritevole di attenzione.&#8221; (Anna Maria Pult Quaglia).<\/div>\n<div><\/div>\n<div><\/div>\n<div><\/div>\n<div class=\"pre\">MASSIMILIANO GRAVA, ricercatore presso il Dipartimento di Civilt\u00e0 e Forme del Sapere dell&#8217; Universit\u00e0 di Pisa, \u00e8 uno studioso che ama Pisa e la sua storia.<br \/>\nPer l&#8217;occasione intende donare a tutti gli amici della Compagnia dello Stile Pisano che parteciperanno all&#8217;evento, una copia digitale del libro.<br \/>\nColoro che sono\u00a0interessati potranno portare una propria\u00a0<strong>&#8220;pen drive&#8221;<\/strong>\u00a0dove potranno salvare l&#8217;opera. (circa 9 MB)<\/p>\n<p><strong>La presentazione sar\u00e0 preceduta da una illustrazione della piazza dei Cavalieri dai tempi della Repubblica Pisana alla trasformazione voluta dai Medici e dalla visita al salone del Gran Consiglio dei Dodici (a cura dei componenti della Compagnia dello Stile Pisano).<\/strong><\/div>\n<div class=\"pre\"><\/div>\n<div class=\"pre\"><strong>Ritrovo ore 16:00 davanti al Palazzo del Consiglio dei Dodici<\/strong><\/div>\n<div><\/div>\n<p>&nbsp;<\/p>\n","protected":false},"excerpt":{"rendered":"<p>EVENTO APERTO AI SOCI (\u00e8 possibile tesserarsi prima dell&#8217;evento) Lo studioso e ricercatore MASSIMILIANO GRAVA presenter\u00e0 il suo nuovo libro\u00a0 CRONICHE DI PISA raccolta di scritti di Jacopo Arrosti presso il Palazzo del Consiglio dei Dodici in Piazza dei Cavalieri &#8220;Le Croniche narrano la storia di Pisa dalle origini al 1655, ma con alcune significative&hellip;<\/p>\n","protected":false},"author":1,"featured_media":533,"comment_status":"closed","ping_status":"closed","sticky":false,"template":"","format":"standard","meta":{"footnotes":""},"categories":[3],"tags":[84,58,57,15],"class_list":["post-532","post","type-post","status-publish","format-standard","has-post-thumbnail","hentry","category-iniziative","tag-conferenza","tag-dodici","tag-palazzo","tag-pisa"],"_links":{"self":[{"href":"https:\/\/www.compagniadellostilepisano.it\/index.php?rest_route=\/wp\/v2\/posts\/532","targetHints":{"allow":["GET"]}}],"collection":[{"href":"https:\/\/www.compagniadellostilepisano.it\/index.php?rest_route=\/wp\/v2\/posts"}],"about":[{"href":"https:\/\/www.compagniadellostilepisano.it\/index.php?rest_route=\/wp\/v2\/types\/post"}],"author":[{"embeddable":true,"href":"https:\/\/www.compagniadellostilepisano.it\/index.php?rest_route=\/wp\/v2\/users\/1"}],"replies":[{"embeddable":true,"href":"https:\/\/www.compagniadellostilepisano.it\/index.php?rest_route=%2Fwp%2Fv2%2Fcomments&post=532"}],"version-history":[{"count":2,"href":"https:\/\/www.compagniadellostilepisano.it\/index.php?rest_route=\/wp\/v2\/posts\/532\/revisions"}],"predecessor-version":[{"id":552,"href":"https:\/\/www.compagniadellostilepisano.it\/index.php?rest_route=\/wp\/v2\/posts\/532\/revisions\/552"}],"wp:featuredmedia":[{"embeddable":true,"href":"https:\/\/www.compagniadellostilepisano.it\/index.php?rest_route=\/wp\/v2\/media\/533"}],"wp:attachment":[{"href":"https:\/\/www.compagniadellostilepisano.it\/index.php?rest_route=%2Fwp%2Fv2%2Fmedia&parent=532"}],"wp:term":[{"taxonomy":"category","embeddable":true,"href":"https:\/\/www.compagniadellostilepisano.it\/index.php?rest_route=%2Fwp%2Fv2%2Fcategories&post=532"},{"taxonomy":"post_tag","embeddable":true,"href":"https:\/\/www.compagniadellostilepisano.it\/index.php?rest_route=%2Fwp%2Fv2%2Ftags&post=532"}],"curies":[{"name":"wp","href":"https:\/\/api.w.org\/{rel}","templated":true}]}}