{"id":593,"date":"2018-11-14T21:32:44","date_gmt":"2018-11-14T20:32:44","guid":{"rendered":"http:\/\/www.compagniadellostilepisano.it\/?p=593"},"modified":"2018-12-24T21:47:05","modified_gmt":"2018-12-24T20:47:05","slug":"le-mura-di-pisa-la-cinta-bassomedioevale","status":"publish","type":"post","link":"https:\/\/www.compagniadellostilepisano.it\/?p=593","title":{"rendered":"Le mura di Pisa: la cinta bassomedioevale (rimandato al 2 dicembre)"},"content":{"rendered":"<div class=\"\" data-block=\"true\" data-editor=\"el25j\" data-offset-key=\"3aclq-0-0\">\n<div data-offset-key=\"3aclq-0-0\"><a href=\"https:\/\/www.compagniadellostilepisano.it\/wp-content\/uploads\/2018\/11\/DSC_0733-0736.jpg\"><img loading=\"lazy\" decoding=\"async\" class=\"aligncenter size-large wp-image-595\" src=\"https:\/\/www.compagniadellostilepisano.it\/wp-content\/uploads\/2018\/11\/DSC_0733-0736-1024x315.jpg\" alt=\"\" width=\"700\" height=\"215\" srcset=\"https:\/\/www.compagniadellostilepisano.it\/wp-content\/uploads\/2018\/11\/DSC_0733-0736-1024x315.jpg 1024w, https:\/\/www.compagniadellostilepisano.it\/wp-content\/uploads\/2018\/11\/DSC_0733-0736-300x92.jpg 300w, https:\/\/www.compagniadellostilepisano.it\/wp-content\/uploads\/2018\/11\/DSC_0733-0736-768x236.jpg 768w\" sizes=\"auto, (max-width: 700px) 100vw, 700px\" \/><\/a><\/div>\n<div data-offset-key=\"3aclq-0-0\"><\/div>\n<\/div>\n<h2 data-offset-key=\"3aclq-0-0\"><span style=\"color: #ff0000;\"><strong>Causa maltempo, l&#8217;evento \u00e8 stato rimandato a domenica 2 dicembre.<\/strong><\/span><\/h2>\n<div data-offset-key=\"3aclq-0-0\"><\/div>\n<div class=\"\" data-block=\"true\" data-editor=\"el25j\" data-offset-key=\"3aclq-0-0\">\n<div class=\"_1mf _1mj\" data-offset-key=\"3aclq-0-0\"><span data-offset-key=\"3aclq-0-0\">Una passeggiata lungo il camminamento sulle mura bassomedioevali, ovvero la cinta muraria attualmente visibile edificata a partire dal 1156.<\/span><\/div>\n<\/div>\n<div class=\"\" data-block=\"true\" data-editor=\"el25j\" data-offset-key=\"c7l8g-0-0\">\n<div class=\"_1mf _1mj\" data-offset-key=\"c7l8g-0-0\"><span data-offset-key=\"c7l8g-0-0\">Il percorso si snoder\u00e0 attraverso tutta la parte nord della citt\u00e0, passando sopra porte e bastioni fino ad arrivare alla torre in prossimit\u00e0 di Piazza Del Rosso sui lungarni.<\/span><\/div>\n<\/div>\n<div class=\"\" data-block=\"true\" data-editor=\"el25j\" data-offset-key=\"dk9vi-0-0\">\n<div class=\"_1mf _1mj\" data-offset-key=\"dk9vi-0-0\"><span data-offset-key=\"dk9vi-0-0\"><strong>Il ritrovo sar\u00e0 domenica 2 dicembre in piazza del Duomo di fronte al portone chiuso del Campo Santo alle ore 10:00<\/strong> con partenza inderogabile alle 10:30. Il percorso durer\u00e0 circa due ore e mezzo.<\/span><\/div>\n<\/div>\n<div class=\"\" data-block=\"true\" data-editor=\"el25j\" data-offset-key=\"c0r2l-0-0\">\n<div class=\"_1mf _1mj\" data-offset-key=\"c0r2l-0-0\"><span data-offset-key=\"c0r2l-0-0\">\u00a0<\/span><\/div>\n<\/div>\n<div class=\"\" data-block=\"true\" data-editor=\"el25j\" data-offset-key=\"3rtl5-0-0\">\n<div class=\"_1mf _1mj\" data-offset-key=\"3rtl5-0-0\"><strong>L&#8217;accesso alle mura ha un costo d&#8217;ingresso:<\/strong><\/div>\n<\/div>\n<div class=\"\" data-block=\"true\" data-editor=\"el25j\" data-offset-key=\"1au60-0-0\">\n<div class=\"_1mf _1mj\" data-offset-key=\"1au60-0-0\"><span data-offset-key=\"1au60-0-0\">&#8211; i residenti nel Comune di Pisa hanno l&#8217;accesso gratuito, ma \u00e8 necessario mostrare un documenti d&#8217;identit\u00e0.<\/span><\/div>\n<\/div>\n<div class=\"\" data-block=\"true\" data-editor=\"el25j\" data-offset-key=\"2cura-0-0\">\n<div class=\"_1mf _1mj\" data-offset-key=\"2cura-0-0\"><span data-offset-key=\"2cura-0-0\">&#8211; i non residenti devono pagare 3\u20ac.<\/span><\/div>\n<\/div>\n<div class=\"\" data-block=\"true\" data-editor=\"el25j\" data-offset-key=\"b16sl-0-0\">\n<div class=\"_1mf _1mj\" data-offset-key=\"b16sl-0-0\"><span data-offset-key=\"b16sl-0-0\">\u00a0<\/span><\/div>\n<\/div>\n<div class=\"\" data-block=\"true\" data-editor=\"el25j\" data-offset-key=\"fos0i-0-0\">\n<div class=\"_1mf _1mj\" data-offset-key=\"fos0i-0-0\"><span data-offset-key=\"fos0i-0-0\"><strong>La visita \u00e8 per i soli soci della Compagnia dello StilePisano.<\/strong> <\/span><\/div>\n<\/div>\n<div class=\"\" data-block=\"true\" data-editor=\"el25j\" data-offset-key=\"ekt19-0-0\">\n<div class=\"_1mf _1mj\" data-offset-key=\"ekt19-0-0\"><span data-offset-key=\"ekt19-0-0\">I non soci possono tesserarsi sul posto (costo 5 euro tessera socio ordinario 2018). Invitiamo i non soci a presentarsi per tempo in modo da effettuare il tesseramento prima della partenza.<\/span><\/div>\n<\/div>\n<div class=\"\" data-block=\"true\" data-editor=\"el25j\" data-offset-key=\"6luqj-0-0\">\n<div class=\"_1mf _1mj\" data-offset-key=\"6luqj-0-0\"><span data-offset-key=\"6luqj-0-0\">\u00a0<\/span><\/div>\n<\/div>\n<div class=\"\" data-block=\"true\" data-editor=\"el25j\" data-offset-key=\"1r1vn-0-0\">\n<div class=\"_1mf _1mj\" data-offset-key=\"1r1vn-0-0\"><span data-offset-key=\"1r1vn-0-0\">Dato che il percorso sulle mura \u00e8 uno stretto corridoio siamo costretti a porre un limite al gruppo.<\/span><\/div>\n<div class=\"_1mf _1mj\" data-offset-key=\"1r1vn-0-0\"><span data-offset-key=\"1r1vn-0-0\">Pertanto<strong> \u00e8 necessario prenotare la visita<\/strong> contattandoci per email o per telefono.<\/span><\/div>\n<\/div>\n<div class=\"\" data-block=\"true\" data-editor=\"el25j\" data-offset-key=\"a6a2q-0-0\">\n<div class=\"_1mf _1mj\" data-offset-key=\"a6a2q-0-0\"><span data-offset-key=\"a6a2q-0-0\">\u00a0<\/span><\/div>\n<\/div>\n<div class=\"\" data-block=\"true\" data-editor=\"el25j\" data-offset-key=\"2jlje-0-0\">\n<div class=\"_1mf _1mj\" data-offset-key=\"2jlje-0-0\"><span data-offset-key=\"2jlje-0-0\">La gestione mura ci impone infine un <strong>regolamento<\/strong> da seguire per motivi di sicurezza:<\/span><\/div>\n<\/div>\n<div class=\"\" data-block=\"true\" data-editor=\"el25j\" data-offset-key=\"13beu-0-0\">\n<div class=\"_1mf _1mj\" data-offset-key=\"13beu-0-0\"><span data-offset-key=\"13beu-0-0\">&#8211; sono vietati ombrelli e valigie ingombranti<\/span><\/div>\n<\/div>\n<div class=\"\" data-block=\"true\" data-editor=\"el25j\" data-offset-key=\"3f5u3-0-0\">\n<div class=\"_1mf _1mj\" data-offset-key=\"3f5u3-0-0\"><span data-offset-key=\"3f5u3-0-0\">&#8211; in caso di pioggia le mura potrebbero non aprire e, se gi\u00e0 sul percorso, verremo invitati a scendere dal personale in servizio<\/span><\/div>\n<\/div>\n<div class=\"_1mf _1mj\" data-offset-key=\"6s8r3-0-0\"><span data-offset-key=\"6s8r3-0-0\">\u00a0<\/span><\/div>\n<div data-offset-key=\"6s8r3-0-0\"><a href=\"https:\/\/www.compagniadellostilepisano.it\/wp-content\/uploads\/2018\/11\/ritrovo-camposanto.jpg\"><img loading=\"lazy\" decoding=\"async\" class=\"aligncenter wp-image-594\" src=\"https:\/\/www.compagniadellostilepisano.it\/wp-content\/uploads\/2018\/11\/ritrovo-camposanto.jpg\" alt=\"\" width=\"555\" height=\"370\" srcset=\"https:\/\/www.compagniadellostilepisano.it\/wp-content\/uploads\/2018\/11\/ritrovo-camposanto.jpg 994w, https:\/\/www.compagniadellostilepisano.it\/wp-content\/uploads\/2018\/11\/ritrovo-camposanto-300x200.jpg 300w, https:\/\/www.compagniadellostilepisano.it\/wp-content\/uploads\/2018\/11\/ritrovo-camposanto-768x512.jpg 768w\" sizes=\"auto, (max-width: 555px) 100vw, 555px\" \/><\/a><\/div>\n<div data-offset-key=\"6s8r3-0-0\"><\/div>\n<div class=\"\" data-block=\"true\" data-editor=\"el25j\" data-offset-key=\"1r11r-0-0\">\n<div class=\"_1mf _1mj\" data-offset-key=\"1r11r-0-0\"><span data-offset-key=\"1r11r-0-0\">Per informazioni: <\/span><\/div>\n<\/div>\n<div class=\"\" data-block=\"true\" data-editor=\"el25j\" data-offset-key=\"e9gbs-0-0\">\n<div class=\"_1mf _1mj\" data-offset-key=\"e9gbs-0-0\"><span data-offset-key=\"e9gbs-0-0\">email: info@compagniadellostilepisano.it<\/span><\/div>\n<\/div>\n<div class=\"\" data-block=\"true\" data-editor=\"el25j\" data-offset-key=\"6ghkl-0-0\">\n<div class=\"_1mf _1mj\" data-offset-key=\"6ghkl-0-0\"><span data-offset-key=\"6ghkl-0-0\">cell: 340 8371799 (Gabriele)<\/span><\/div>\n<\/div>\n","protected":false},"excerpt":{"rendered":"<p>Causa maltempo, l&#8217;evento \u00e8 stato rimandato a domenica 2 dicembre. Una passeggiata lungo il camminamento sulle mura bassomedioevali, ovvero la cinta muraria attualmente visibile edificata a partire dal 1156. Il percorso si snoder\u00e0 attraverso tutta la parte nord della citt\u00e0, passando sopra porte e bastioni fino ad arrivare alla torre in prossimit\u00e0 di Piazza Del&hellip;<\/p>\n","protected":false},"author":1,"featured_media":595,"comment_status":"closed","ping_status":"closed","sticky":false,"template":"","format":"standard","meta":{"footnotes":""},"categories":[3],"tags":[96,70,5],"class_list":["post-593","post","type-post","status-publish","format-standard","has-post-thumbnail","hentry","category-iniziative","tag-bassomedioevali","tag-mura","tag-passeggiata"],"_links":{"self":[{"href":"https:\/\/www.compagniadellostilepisano.it\/index.php?rest_route=\/wp\/v2\/posts\/593","targetHints":{"allow":["GET"]}}],"collection":[{"href":"https:\/\/www.compagniadellostilepisano.it\/index.php?rest_route=\/wp\/v2\/posts"}],"about":[{"href":"https:\/\/www.compagniadellostilepisano.it\/index.php?rest_route=\/wp\/v2\/types\/post"}],"author":[{"embeddable":true,"href":"https:\/\/www.compagniadellostilepisano.it\/index.php?rest_route=\/wp\/v2\/users\/1"}],"replies":[{"embeddable":true,"href":"https:\/\/www.compagniadellostilepisano.it\/index.php?rest_route=%2Fwp%2Fv2%2Fcomments&post=593"}],"version-history":[{"count":3,"href":"https:\/\/www.compagniadellostilepisano.it\/index.php?rest_route=\/wp\/v2\/posts\/593\/revisions"}],"predecessor-version":[{"id":598,"href":"https:\/\/www.compagniadellostilepisano.it\/index.php?rest_route=\/wp\/v2\/posts\/593\/revisions\/598"}],"wp:featuredmedia":[{"embeddable":true,"href":"https:\/\/www.compagniadellostilepisano.it\/index.php?rest_route=\/wp\/v2\/media\/595"}],"wp:attachment":[{"href":"https:\/\/www.compagniadellostilepisano.it\/index.php?rest_route=%2Fwp%2Fv2%2Fmedia&parent=593"}],"wp:term":[{"taxonomy":"category","embeddable":true,"href":"https:\/\/www.compagniadellostilepisano.it\/index.php?rest_route=%2Fwp%2Fv2%2Fcategories&post=593"},{"taxonomy":"post_tag","embeddable":true,"href":"https:\/\/www.compagniadellostilepisano.it\/index.php?rest_route=%2Fwp%2Fv2%2Ftags&post=593"}],"curies":[{"name":"wp","href":"https:\/\/api.w.org\/{rel}","templated":true}]}}